{"id":1690,"date":"2023-07-16T17:53:21","date_gmt":"2023-07-16T15:53:21","guid":{"rendered":"https:\/\/celineyoganature.fr\/?p=1690"},"modified":"2023-07-30T13:37:39","modified_gmt":"2023-07-30T11:37:39","slug":"seance-estivale-en-plein-air","status":"publish","type":"post","link":"https:\/\/celineyoganature.fr\/?p=1690","title":{"rendered":"S\u00e9ances estivales en plein air"},"content":{"rendered":"\n<p>Ce jeudi 27 juillet, nous nous retrouverons devant la Chapelle de Saint S\u00e9bastien \u00e0 Dambach pour notre pause nature !<\/p>\n\n\n\n<p>Les prochains balades sont pr\u00e9vues en ao\u00fbt ! Reste \u00e0 d\u00e9finir le point de d\u00e9part \ud83d\ude09<\/p>\n\n\n\n<p><p>C&#8217;est un temps de pause o\u00f9 nous sommes \u00e0 l&#8217;\u00e9coute ; \u00e0 l&#8217;\u00e9coute de la nature, de nous m\u00eame.<\/p><\/p>\n\n\n\n<div class=\"wp-block-group\"><div class=\"wp-block-group__inner-container is-layout-constrained wp-block-group-is-layout-constrained\">\n<p><p>C&#8217;est une autre mani\u00e8re d&#8217;avancer, de cheminer.<\/p><\/p>\n<\/div><\/div>\n\n\n\n<p><p>C&#8217;est une opportunit\u00e9 de voir, d&#8217;appr\u00e9hender avec un autre regard des sentiers parfois familiers.<\/p><\/p>\n\n\n\n<p>Namast\u00e9,<\/p>\n\n\n\n<p>C\u00e9line<\/p>\n\n\n\n<figure class=\"wp-block-image size-large is-style-default\"><img data-recalc-dims=\"1\" loading=\"lazy\" decoding=\"async\" width=\"724\" height=\"1024\" src=\"https:\/\/i0.wp.com\/celineyoganature.fr\/wp-content\/uploads\/2023\/07\/Copie-de-Copie-de-Copie-de-Copie-de-you-are-not-alone4.png?resize=724%2C1024&#038;ssl=1\" alt=\"\" class=\"wp-image-1705\" srcset=\"https:\/\/i0.wp.com\/celineyoganature.fr\/wp-content\/uploads\/2023\/07\/Copie-de-Copie-de-Copie-de-Copie-de-you-are-not-alone4.png?resize=724%2C1024&amp;ssl=1 724w, https:\/\/i0.wp.com\/celineyoganature.fr\/wp-content\/uploads\/2023\/07\/Copie-de-Copie-de-Copie-de-Copie-de-you-are-not-alone4.png?resize=212%2C300&amp;ssl=1 212w, https:\/\/i0.wp.com\/celineyoganature.fr\/wp-content\/uploads\/2023\/07\/Copie-de-Copie-de-Copie-de-Copie-de-you-are-not-alone4.png?resize=768%2C1086&amp;ssl=1 768w, https:\/\/i0.wp.com\/celineyoganature.fr\/wp-content\/uploads\/2023\/07\/Copie-de-Copie-de-Copie-de-Copie-de-you-are-not-alone4.png?resize=1086%2C1536&amp;ssl=1 1086w, https:\/\/i0.wp.com\/celineyoganature.fr\/wp-content\/uploads\/2023\/07\/Copie-de-Copie-de-Copie-de-Copie-de-you-are-not-alone4.png?resize=1448%2C2048&amp;ssl=1 1448w, https:\/\/i0.wp.com\/celineyoganature.fr\/wp-content\/uploads\/2023\/07\/Copie-de-Copie-de-Copie-de-Copie-de-you-are-not-alone4.png?w=1587&amp;ssl=1 1587w\" sizes=\"auto, (max-width: 724px) 100vw, 724px\" \/><\/figure>\n\n\n\n<figure class=\"wp-block-image size-large is-style-default\"><img data-recalc-dims=\"1\" loading=\"lazy\" decoding=\"async\" width=\"724\" height=\"1024\" src=\"https:\/\/i0.wp.com\/celineyoganature.fr\/wp-content\/uploads\/2023\/07\/Copie-de-Copie-de-Copie-de-Copie-de-you-are-not-alone2.png?resize=724%2C1024&#038;ssl=1\" alt=\"\" class=\"wp-image-1683\" srcset=\"https:\/\/i0.wp.com\/celineyoganature.fr\/wp-content\/uploads\/2023\/07\/Copie-de-Copie-de-Copie-de-Copie-de-you-are-not-alone2.png?resize=724%2C1024&amp;ssl=1 724w, https:\/\/i0.wp.com\/celineyoganature.fr\/wp-content\/uploads\/2023\/07\/Copie-de-Copie-de-Copie-de-Copie-de-you-are-not-alone2.png?resize=212%2C300&amp;ssl=1 212w, https:\/\/i0.wp.com\/celineyoganature.fr\/wp-content\/uploads\/2023\/07\/Copie-de-Copie-de-Copie-de-Copie-de-you-are-not-alone2.png?resize=768%2C1086&amp;ssl=1 768w, https:\/\/i0.wp.com\/celineyoganature.fr\/wp-content\/uploads\/2023\/07\/Copie-de-Copie-de-Copie-de-Copie-de-you-are-not-alone2.png?resize=1086%2C1536&amp;ssl=1 1086w, https:\/\/i0.wp.com\/celineyoganature.fr\/wp-content\/uploads\/2023\/07\/Copie-de-Copie-de-Copie-de-Copie-de-you-are-not-alone2.png?resize=1448%2C2048&amp;ssl=1 1448w, https:\/\/i0.wp.com\/celineyoganature.fr\/wp-content\/uploads\/2023\/07\/Copie-de-Copie-de-Copie-de-Copie-de-you-are-not-alone2.png?w=1587&amp;ssl=1 1587w\" sizes=\"auto, (max-width: 724px) 100vw, 724px\" \/><\/figure>\n","protected":false},"excerpt":{"rendered":"<p>Ce jeudi 27 juillet, nous nous retrouverons devant la Chapelle de Saint S\u00e9bastien \u00e0 Dambach pour notre pause nature ! Les prochains balades sont pr\u00e9vues en ao\u00fbt ! Reste \u00e0 d\u00e9finir le point de d\u00e9part \ud83d\ude09 C&#8217;est un temps de pause o\u00f9 nous sommes \u00e0 l&#8217;\u00e9coute ; \u00e0 l&#8217;\u00e9coute de la nature, de nous m\u00eame.&hellip;<\/p>\n","protected":false},"author":1,"featured_media":0,"comment_status":"open","ping_status":"open","sticky":false,"template":"","format":"standard","meta":{"advanced_seo_description":"","jetpack_seo_html_title":"","jetpack_seo_noindex":false,"_jetpack_memberships_contains_paid_content":false,"footnotes":""},"categories":[5],"tags":[],"class_list":["post-1690","post","type-post","status-publish","format-standard","hentry","category-pause-yoga"],"jetpack_featured_media_url":"","jetpack_sharing_enabled":true,"_links":{"self":[{"href":"https:\/\/celineyoganature.fr\/index.php?rest_route=\/wp\/v2\/posts\/1690","targetHints":{"allow":["GET"]}}],"collection":[{"href":"https:\/\/celineyoganature.fr\/index.php?rest_route=\/wp\/v2\/posts"}],"about":[{"href":"https:\/\/celineyoganature.fr\/index.php?rest_route=\/wp\/v2\/types\/post"}],"author":[{"embeddable":true,"href":"https:\/\/celineyoganature.fr\/index.php?rest_route=\/wp\/v2\/users\/1"}],"replies":[{"embeddable":true,"href":"https:\/\/celineyoganature.fr\/index.php?rest_route=%2Fwp%2Fv2%2Fcomments&post=1690"}],"version-history":[{"count":8,"href":"https:\/\/celineyoganature.fr\/index.php?rest_route=\/wp\/v2\/posts\/1690\/revisions"}],"predecessor-version":[{"id":1709,"href":"https:\/\/celineyoganature.fr\/index.php?rest_route=\/wp\/v2\/posts\/1690\/revisions\/1709"}],"wp:attachment":[{"href":"https:\/\/celineyoganature.fr\/index.php?rest_route=%2Fwp%2Fv2%2Fmedia&parent=1690"}],"wp:term":[{"taxonomy":"category","embeddable":true,"href":"https:\/\/celineyoganature.fr\/index.php?rest_route=%2Fwp%2Fv2%2Fcategories&post=1690"},{"taxonomy":"post_tag","embeddable":true,"href":"https:\/\/celineyoganature.fr\/index.php?rest_route=%2Fwp%2Fv2%2Ftags&post=1690"}],"curies":[{"name":"wp","href":"https:\/\/api.w.org\/{rel}","templated":true}]}}